{"id":125434,"date":"2017-08-13T17:32:35","date_gmt":"2017-08-13T15:32:35","guid":{"rendered":"https:\/\/www.lesfoyersdecharite.com\/\/?p=25434\/"},"modified":"2017-08-13T17:32:35","modified_gmt":"2017-08-13T15:32:35","slug":"a-revoir-kto-marthe-robin-impact-leglise","status":"publish","type":"post","link":"https:\/\/www.lesfoyersdecharite.com\/en\/a-revoir-kto-marthe-robin-impact-leglise\/","title":{"rendered":"(A revoir sur KTO) Marthe Robin : son impact dans l&#8217;Eglise"},"content":{"rendered":"<h2>Marthe Robin : son impact et son rayonnement dans l&#8217;Eglise<\/h2>\n<p>A la demande de nombreux t\u00e9l\u00e9spectateurs, nous allons parler, \u00e0 nouveau dans la Foi prise au mot, de Marthe Robin. Cette mystique de Ch\u00e2teauneuf-de-Galaure, dans la Dr\u00f4me, morte il y a une trentaine d\u00b4ann\u00e9es, nous impressionne vraiment ! Alors nous vous proposons de la retrouver et de nous attarder, non pas sur sa vie, comme nous l\u00b4avons fait il y a quelque temps, mais sur sa post\u00e9rit\u00e9. Quelle fut sa vision de Dieu et du monde ? En quoi est-elle importante aujourd\u00b4hui ? Quels mouvements de chr\u00e9tiens poursuivent son t\u00e9moignage et sa pens\u00e9e ?<\/p>\n<p>Pour r\u00e9pondre \u00e0 ces questions, deux invit\u00e9s : Honorine Grasset, porte-parole des Foyers de Charit\u00e9, et le p\u00e8re Bernard Peyrous, pr\u00eatre, membre de la Communaut\u00e9 de l\u00b4Emmanuel, postulateur de la cause en b\u00e9atification de Marthe Robin.<\/p>\n<p><iframe loading=\"lazy\" src=\"https:\/\/www.youtube.com\/embed\/ttVm4Qbdcvg?rel=0\" width=\"560\" height=\"315\" frameborder=\"0\" allowfullscreen=\"allowfullscreen\" data-mce-fragment=\"1\"><\/iframe><\/p>\n<h4>La foi prise au mot (KTO &#8211; T\u00e9l\u00e9vision Catholique) \/ 04-06-2017<\/h4>\n<h2><\/h2>\n<ul>\n<li><strong><a href=\"http:\/\/www.ktotv.com\/video\/00150520\/marthe-robin-son-impact-dans-l-eglise\" target=\"_blank\">Voir l&#8217;\u00e9mission sur le site officiel de KTO<\/a><\/strong><\/li>\n<\/ul>\n","protected":false},"excerpt":{"rendered":"<p>Marthe Robin : son impact et son rayonnement dans l&#8217;Eglise A la demande de nombreux t\u00e9l\u00e9spectateurs, nous allons parler, \u00e0 nouveau dans la Foi prise au mot, de Marthe Robin. Cette mystique de Ch\u00e2teauneuf-de-Galaure, dans la Dr\u00f4me, morte il y a une trentaine d\u00b4ann\u00e9es, nous impressionne vraiment ! Alors nous vous proposons de la retrouver [&hellip;]<\/p>\n","protected":false},"author":1,"featured_media":124317,"comment_status":"open","ping_status":"open","sticky":false,"template":"","format":"standard","meta":{"_acf_changed":false,"footnotes":""},"categories":[1001],"class_list":["post-125434","post","type-post","status-publish","format-standard","has-post-thumbnail","hentry","category-uncategorized"],"acf":[],"_links":{"self":[{"href":"https:\/\/www.lesfoyersdecharite.com\/en\/wp-json\/wp\/v2\/posts\/125434","targetHints":{"allow":["GET"]}}],"collection":[{"href":"https:\/\/www.lesfoyersdecharite.com\/en\/wp-json\/wp\/v2\/posts"}],"about":[{"href":"https:\/\/www.lesfoyersdecharite.com\/en\/wp-json\/wp\/v2\/types\/post"}],"author":[{"embeddable":true,"href":"https:\/\/www.lesfoyersdecharite.com\/en\/wp-json\/wp\/v2\/users\/1"}],"replies":[{"embeddable":true,"href":"https:\/\/www.lesfoyersdecharite.com\/en\/wp-json\/wp\/v2\/comments?post=125434"}],"version-history":[{"count":0,"href":"https:\/\/www.lesfoyersdecharite.com\/en\/wp-json\/wp\/v2\/posts\/125434\/revisions"}],"wp:featuredmedia":[{"embeddable":true,"href":"https:\/\/www.lesfoyersdecharite.com\/en\/wp-json\/wp\/v2\/media\/124317"}],"wp:attachment":[{"href":"https:\/\/www.lesfoyersdecharite.com\/en\/wp-json\/wp\/v2\/media?parent=125434"}],"wp:term":[{"taxonomy":"category","embeddable":true,"href":"https:\/\/www.lesfoyersdecharite.com\/en\/wp-json\/wp\/v2\/categories?post=125434"}],"curies":[{"name":"wp","href":"https:\/\/api.w.org\/{rel}","templated":true}]}}