{"id":125442,"date":"2017-08-13T17:56:48","date_gmt":"2017-08-13T15:56:48","guid":{"rendered":"https:\/\/www.lesfoyersdecharite.com\/\/?p=25442\/"},"modified":"2017-08-13T17:57:03","modified_gmt":"2017-08-13T15:57:03","slug":"retraite-cest-vital-lui","status":"publish","type":"post","link":"https:\/\/www.lesfoyersdecharite.com\/en\/retraite-cest-vital-lui\/","title":{"rendered":"Une retraite ? C&#8217;est vital pour lui !"},"content":{"rendered":"<h3>Pierre-Louis n&#8217;imagine pas laisser passer douze mois sans faire l&#8217;exp\u00e9rience d&#8217;une retraite spirituelle dans un Foyer de Charit\u00e9. Chaque ann\u00e9e, il plonge et il adore \u00e7a !<\/h3>\n<p><iframe loading=\"lazy\" src=\"https:\/\/www.youtube.com\/embed\/kYe8F2T2vPk?rel=0\" width=\"560\" height=\"315\" frameborder=\"0\" allowfullscreen=\"allowfullscreen\" data-mce-fragment=\"1\"><\/iframe><\/p>\n<p>T\u00e9moignage vid\u00e9o<\/p>\n","protected":false},"excerpt":{"rendered":"<p>Pierre-Louis n&#8217;imagine pas laisser passer douze mois sans faire l&#8217;exp\u00e9rience d&#8217;une retraite spirituelle dans un Foyer de Charit\u00e9. Chaque ann\u00e9e, il plonge et il adore \u00e7a ! T\u00e9moignage vid\u00e9o<\/p>\n","protected":false},"author":1,"featured_media":124072,"comment_status":"open","ping_status":"open","sticky":false,"template":"","format":"standard","meta":{"_acf_changed":false,"footnotes":""},"categories":[1001],"class_list":["post-125442","post","type-post","status-publish","format-standard","has-post-thumbnail","hentry","category-uncategorized"],"acf":[],"_links":{"self":[{"href":"https:\/\/www.lesfoyersdecharite.com\/en\/wp-json\/wp\/v2\/posts\/125442","targetHints":{"allow":["GET"]}}],"collection":[{"href":"https:\/\/www.lesfoyersdecharite.com\/en\/wp-json\/wp\/v2\/posts"}],"about":[{"href":"https:\/\/www.lesfoyersdecharite.com\/en\/wp-json\/wp\/v2\/types\/post"}],"author":[{"embeddable":true,"href":"https:\/\/www.lesfoyersdecharite.com\/en\/wp-json\/wp\/v2\/users\/1"}],"replies":[{"embeddable":true,"href":"https:\/\/www.lesfoyersdecharite.com\/en\/wp-json\/wp\/v2\/comments?post=125442"}],"version-history":[{"count":0,"href":"https:\/\/www.lesfoyersdecharite.com\/en\/wp-json\/wp\/v2\/posts\/125442\/revisions"}],"wp:featuredmedia":[{"embeddable":true,"href":"https:\/\/www.lesfoyersdecharite.com\/en\/wp-json\/wp\/v2\/media\/124072"}],"wp:attachment":[{"href":"https:\/\/www.lesfoyersdecharite.com\/en\/wp-json\/wp\/v2\/media?parent=125442"}],"wp:term":[{"taxonomy":"category","embeddable":true,"href":"https:\/\/www.lesfoyersdecharite.com\/en\/wp-json\/wp\/v2\/categories?post=125442"}],"curies":[{"name":"wp","href":"https:\/\/api.w.org\/{rel}","templated":true}]}}