{"id":257420,"date":"2024-06-07T11:24:36","date_gmt":"2024-06-07T09:24:36","guid":{"rendered":"https:\/\/www.lesfoyersdecharite.com\/?p=257420"},"modified":"2025-02-28T09:45:58","modified_gmt":"2025-02-28T08:45:58","slug":"vous-netes-pas-seuls-un-message-de-confiance-pour-lavenir-des-foyers-de-charite","status":"publish","type":"post","link":"https:\/\/www.lesfoyersdecharite.com\/en\/vous-netes-pas-seuls-un-message-de-confiance-pour-lavenir-des-foyers-de-charite\/","title":{"rendered":"&#8220;Vous n\u2019\u00eates pas seuls&#8221; : Un message de confiance pour l&#8217;avenir des Foyers de Charit\u00e9"},"content":{"rendered":"<p>Vendredi 31 mai 2024, S\u0153ur Christine Foulon et Laurent Landete, Co-d\u00e9l\u00e9gu\u00e9s pontificaux, et les membres du Conseil provisoire ont rencontr\u00e9 le Dicast\u00e8re pour la Famille, les La\u00efcs et la Vie \u00e0 Rome. Accueillis par Linda Ghisoni, sous-secr\u00e9taire, Isabelle Cassar\u00e0 et Philip Milligan, membres du Dicast\u00e8re, cette rencontre a \u00e9t\u00e9 l\u2019occasion de pr\u00e9senter les membres du Conseil provisoire et de faire un point de situation. La premi\u00e8re r\u00e9union du Conseil provisoire l\u2019a pr\u00e9c\u00e9d\u00e9e.<\/p>\n<h3>Une d\u00e9l\u00e9gation \u00ab synodale \u00bb<\/h3>\n<p>Linda Ghisoni a introduit la r\u00e9union en rappelant combien le Dicast\u00e8re pour les La\u00efcs, la Famille et la Vie tenait \u00e0 conna\u00eetre les membres du Conseil provisoire et \u00e0 \u00e9tablir avec eux une relation de confiance. Elle a \u00e9galement remerci\u00e9 les Co-d\u00e9l\u00e9gu\u00e9s pontificaux pour le grand travail effectu\u00e9 en lien avec les indications du Dicast\u00e8re depuis leur nomination en f\u00e9vrier dernier.<\/p>\n<p>Apr\u00e8s la pr\u00e9sentation de chacun des membres du Conseil provisoire, Laurent Landete et S\u0153ur Christine Foulon ont exprim\u00e9 leur joie de travailler ensemble, enrichis par leurs diff\u00e9rents \u00e9tats de vie. Ils ont soulign\u00e9 leur grande satisfaction de pouvoir collaborer d\u00e9sormais avec le Conseil provisoire. Pour Laurent Landete \u00ab Le \u201coui\u201d des membres des Foyers \u00e0 cette mission est tr\u00e8s encourageant pour nous. De plus en plus de personnes acceptent des responsabilit\u00e9s pour accompagner les Foyers et c\u2019est un signe fort \u00bb. S\u0153ur Christine Foulon a compl\u00e9t\u00e9 en insistant sur \u00ab le soutien de l\u2019\u00e9quipe pr\u00e9c\u00e9dente qui est rest\u00e9e fid\u00e8le. Il n\u2019y a pas eu de d\u00e9faillance et c\u2019est une grande aide. \u00bb.<\/p>\n<h3>\u00ab Vous n\u2019\u00eates pas seuls \u00bb<\/h3>\n<p>Philippe Milligan a partag\u00e9 combien le Dicast\u00e8re recevait de nombreux t\u00e9moignages bienveillants concernant les Foyers, preuve de la f\u00e9condit\u00e9 de l\u2019\u0152uvre. \u00ab Nous entendons des personnes convaincues de l\u2019importance des Foyers de Charit\u00e9, dans l\u2019\u00c9glise de France et bien au-del\u00e0. Vous n\u2019\u00eates pas seuls \u00e0 penser \u00e0 l\u2019avenir des Foyers, \u00e0 avoir le souci des membres : nous recevons souvent des t\u00e9moignages \u00bb.<\/p>\n<h3>Les travaux en cours<\/h3>\n<p>Les Co-d\u00e9l\u00e9gu\u00e9s pontificaux ont pr\u00e9sent\u00e9 les grands axes de travail \u00e0 venir : red\u00e9finition de la vocation des Foyers de Charit\u00e9, consolidation de la formation des membres, propositions pour les retraitants, gestion de la pyramide des \u00e2ges vieillissante, et accompagnement des personnes ayant v\u00e9cu des abus. Ces chantiers s\u2019appuieront sur les rapports des visites canoniques effectu\u00e9es dans les Foyers.<\/p>\n<p>Linda Ghisoni a soulign\u00e9 l&#8217;importance du travail d&#8217;\u00e9quipe : \u00ab Nous avons besoin de voir que vous travaillez en \u00e9quipe. Les plus grandes difficult\u00e9s pr\u00e9c\u00e9dentes sont venues de ce manque. C\u2019est ce travail en \u00e9quipe qui va vous aider \u00e0 \u00eatre un corps. Ce fonctionnement contribuera \u00e0 la confiance croissante. \u00bb<\/p>\n<h3>Un engagement pour chaque membre<\/h3>\n<p>Philippe Milligan a aussi rappel\u00e9 l\u2019importance du statut d\u2019Association de fid\u00e8les des Foyers de Charit\u00e9 : le renouvellement de l\u2019\u0152uvre se fera \u00e0 travers la vie de chaque membre qui doit prendre conscience de la f\u00e9condit\u00e9 de son don et de sa valeur. La gouvernance des Foyers de Charit\u00e9 doit accompagner chacun dans ce sens, favorisant ainsi un environnement de s\u00e9r\u00e9nit\u00e9 et de s\u00e9curit\u00e9 encourageant pour tous.<\/p>\n<h3>&#8220;Les bons fruits sont d\u00e9j\u00e0 l\u00e0&#8221;<\/h3>\n<p>Linda Ghisoni a conclu la rencontre en insistant sur l\u2019importance de la qualit\u00e9 de la formation et des t\u00e9moignages qui seront les appuis de potentielles vocations. Elle a aussi appuy\u00e9 sur le temps n\u00e9cessaire pour l&#8217;ensemble des chantiers \u00e9voqu\u00e9s. Bien que le chemin semble encore long, elle se r\u00e9jouit de la mise en route efficace en cours. Linda Ghisoni a encourag\u00e9 tous les participants, les remerciant pour leur \u00ab t\u00e9moignage de don eccl\u00e9sial \u00bb et les a invit\u00e9s \u00e0 \u00ab poursuivre le chemin avec tout l\u2019amour montr\u00e9 pour les Foyers de Charit\u00e9 \u00bb. \u00ab Le Dicast\u00e8re est \u00e0 vos c\u00f4t\u00e9s. Les bons fruits sont d\u00e9j\u00e0 l\u00e0, gr\u00e2ce \u00e0 la communion de travail ressentie qui est une grande consolation \u00bb.<\/p>\n<h3>Un sentiment de confiance partag\u00e9e<\/h3>\n<p>\u00c0 l\u2019issue de ces deux heures, les membres du Conseil provisoire ont partag\u00e9 leur joie de cette rencontre et leur sentiment d\u2019\u00eatre en confiance avec le Dicast\u00e8re. Ils vont d\u00e9sormais s\u2019atteler ensemble aux travaux pr\u00e9vus pour le bien de l\u2019\u0153uvre des Foyers de Charit\u00e9, anim\u00e9s par cette m\u00eame confiance ! \u00ab Cette rencontre a vraiment \u00e9t\u00e9 un signe d\u2019Esp\u00e9rance sur le chemin escarp\u00e9 de la r\u00e9forme des Foyers de Charit\u00e9, nous repartons de Rome renforc\u00e9s et toujours plus d\u00e9termin\u00e9s pour mener \u00e0 bien la mission qui nous est <span class=\"NormalTextRun SpellingErrorV2Themed SCXW209884307 BCX8\"> confi\u00e9e \u00bb ont d\u00e9clar\u00e9 <\/span><span class=\"NormalTextRun SpellingErrorV2Themed SCXW209884307 BCX8\">soeur<\/span><span class=\"NormalTextRun SpellingErrorV2Themed SCXW209884307 BCX8\"> Christine Foulon et Laurent <\/span><span class=\"NormalTextRun SpellingErrorV2Themed SCXW209884307 BCX8\">Landete<\/span><span class=\"NormalTextRun SpellingErrorV2Themed SCXW209884307 BCX8\">, <\/span><span class=\"NormalTextRun SpellingErrorV2Themed SCXW209884307 BCX8\">co<\/span><span class=\"NormalTextRun SpellingErrorV2Themed SCXW209884307 BCX8\">-d\u00e9l\u00e9gu\u00e9s pontificaux.<\/span><\/p>\n\n\t\t<style type=\"text\/css\">\n\t\t\t#gallery-1 {\n\t\t\t\tmargin: auto;\n\t\t\t}\n\t\t\t#gallery-1 .gallery-item {\n\t\t\t\tfloat: left;\n\t\t\t\tmargin-top: 10px;\n\t\t\t\ttext-align: center;\n\t\t\t\twidth: 33%;\n\t\t\t}\n\t\t\t#gallery-1 img {\n\t\t\t\tborder: 2px solid #cfcfcf;\n\t\t\t}\n\t\t\t#gallery-1 .gallery-caption {\n\t\t\t\tmargin-left: 0;\n\t\t\t}\n\t\t\t\/* see gallery_shortcode() in wp-includes\/media.php *\/\n\t\t<\/style>\n\t\t<div id='gallery-1' class='gallery galleryid-257420 gallery-columns-3 gallery-size-thumbnail'><dl class='gallery-item'>\n\t\t\t<dt class='gallery-icon landscape'>\n\t\t\t\t<a href='https:\/\/www.lesfoyersdecharite.com\/en\/20240531_112520-2\/'><img loading=\"lazy\" decoding=\"async\" width=\"300\" height=\"300\" src=\"https:\/\/www.lesfoyersdecharite.com\/custom\/uploads\/2024\/06\/20240531_112520-300x300.jpg\" class=\"attachment-thumbnail size-thumbnail\" alt=\"\" srcset=\"https:\/\/www.lesfoyersdecharite.com\/custom\/uploads\/2024\/06\/20240531_112520-300x300.jpg 300w, https:\/\/www.lesfoyersdecharite.com\/custom\/uploads\/2024\/06\/20240531_112520-200x200.jpg 200w, https:\/\/www.lesfoyersdecharite.com\/custom\/uploads\/2024\/06\/20240531_112520-800x800.jpg 800w\" sizes=\"auto, (max-width: 300px) 100vw, 300px\" \/><\/a>\n\t\t\t<\/dt><\/dl><dl class='gallery-item'>\n\t\t\t<dt class='gallery-icon landscape'>\n\t\t\t\t<a href='https:\/\/www.lesfoyersdecharite.com\/en\/20240531_1346320-2\/'><img loading=\"lazy\" decoding=\"async\" width=\"300\" height=\"300\" src=\"https:\/\/www.lesfoyersdecharite.com\/custom\/uploads\/2024\/06\/20240531_1346320-300x300.jpg\" class=\"attachment-thumbnail size-thumbnail\" alt=\"\" srcset=\"https:\/\/www.lesfoyersdecharite.com\/custom\/uploads\/2024\/06\/20240531_1346320-300x300.jpg 300w, https:\/\/www.lesfoyersdecharite.com\/custom\/uploads\/2024\/06\/20240531_1346320-200x200.jpg 200w, https:\/\/www.lesfoyersdecharite.com\/custom\/uploads\/2024\/06\/20240531_1346320-800x800.jpg 800w\" sizes=\"auto, (max-width: 300px) 100vw, 300px\" \/><\/a>\n\t\t\t<\/dt><\/dl><dl class='gallery-item'>\n\t\t\t<dt class='gallery-icon landscape'>\n\t\t\t\t<a href='https:\/\/www.lesfoyersdecharite.com\/en\/20240531_090817-2\/'><img loading=\"lazy\" decoding=\"async\" width=\"300\" height=\"300\" src=\"https:\/\/www.lesfoyersdecharite.com\/custom\/uploads\/2024\/06\/20240531_090817-300x300.jpg\" class=\"attachment-thumbnail size-thumbnail\" alt=\"\" srcset=\"https:\/\/www.lesfoyersdecharite.com\/custom\/uploads\/2024\/06\/20240531_090817-300x300.jpg 300w, https:\/\/www.lesfoyersdecharite.com\/custom\/uploads\/2024\/06\/20240531_090817-200x200.jpg 200w, https:\/\/www.lesfoyersdecharite.com\/custom\/uploads\/2024\/06\/20240531_090817-800x800.jpg 800w\" sizes=\"auto, (max-width: 300px) 100vw, 300px\" \/><\/a>\n\t\t\t<\/dt><\/dl><br style=\"clear: both\" \/><dl class='gallery-item'>\n\t\t\t<dt class='gallery-icon landscape'>\n\t\t\t\t<a href='https:\/\/www.lesfoyersdecharite.com\/en\/20240531_081558-2\/'><img loading=\"lazy\" decoding=\"async\" width=\"300\" height=\"300\" src=\"https:\/\/www.lesfoyersdecharite.com\/custom\/uploads\/2024\/06\/20240531_081558-300x300.jpg\" class=\"attachment-thumbnail size-thumbnail\" alt=\"\" srcset=\"https:\/\/www.lesfoyersdecharite.com\/custom\/uploads\/2024\/06\/20240531_081558-300x300.jpg 300w, https:\/\/www.lesfoyersdecharite.com\/custom\/uploads\/2024\/06\/20240531_081558-200x200.jpg 200w, https:\/\/www.lesfoyersdecharite.com\/custom\/uploads\/2024\/06\/20240531_081558-800x800.jpg 800w\" sizes=\"auto, (max-width: 300px) 100vw, 300px\" \/><\/a>\n\t\t\t<\/dt><\/dl><dl class='gallery-item'>\n\t\t\t<dt class='gallery-icon landscape'>\n\t\t\t\t<a href='https:\/\/www.lesfoyersdecharite.com\/en\/jpii-2\/'><img loading=\"lazy\" decoding=\"async\" width=\"300\" height=\"300\" src=\"https:\/\/www.lesfoyersdecharite.com\/custom\/uploads\/2024\/06\/jpii-300x300.png\" class=\"attachment-thumbnail size-thumbnail\" alt=\"\" srcset=\"https:\/\/www.lesfoyersdecharite.com\/custom\/uploads\/2024\/06\/jpii-300x300.png 300w, https:\/\/www.lesfoyersdecharite.com\/custom\/uploads\/2024\/06\/jpii-200x200.png 200w, https:\/\/www.lesfoyersdecharite.com\/custom\/uploads\/2024\/06\/jpii-800x800.png 800w\" sizes=\"auto, (max-width: 300px) 100vw, 300px\" \/><\/a>\n\t\t\t<\/dt><\/dl><dl class='gallery-item'>\n\t\t\t<dt class='gallery-icon landscape'>\n\t\t\t\t<a href='https:\/\/www.lesfoyersdecharite.com\/en\/20240531_112904-2\/'><img loading=\"lazy\" decoding=\"async\" width=\"300\" height=\"300\" src=\"https:\/\/www.lesfoyersdecharite.com\/custom\/uploads\/2024\/06\/20240531_112904-300x300.jpg\" class=\"attachment-thumbnail size-thumbnail\" alt=\"\" srcset=\"https:\/\/www.lesfoyersdecharite.com\/custom\/uploads\/2024\/06\/20240531_112904-300x300.jpg 300w, https:\/\/www.lesfoyersdecharite.com\/custom\/uploads\/2024\/06\/20240531_112904-200x200.jpg 200w, https:\/\/www.lesfoyersdecharite.com\/custom\/uploads\/2024\/06\/20240531_112904-800x800.jpg 800w\" sizes=\"auto, (max-width: 300px) 100vw, 300px\" \/><\/a>\n\t\t\t<\/dt><\/dl><br style=\"clear: both\" \/>\n\t\t<\/div>\n\n","protected":false},"excerpt":{"rendered":"<p>Vendredi 31 mai 2024, S\u0153ur Christine Foulon et Laurent Landete, Co-d\u00e9l\u00e9gu\u00e9s pontificaux, et les membres du Conseil provisoire ont rencontr\u00e9 le Dicast\u00e8re pour la Famille, les La\u00efcs et la Vie \u00e0 Rome. Accueillis par Linda Ghisoni, sous-secr\u00e9taire, Isabelle Cassar\u00e0 et Philip Milligan, membres du Dicast\u00e8re, cette rencontre a \u00e9t\u00e9 l\u2019occasion de pr\u00e9senter les membres du [&hellip;]<\/p>\n","protected":false},"author":13,"featured_media":257439,"comment_status":"closed","ping_status":"closed","sticky":false,"template":"","format":"standard","meta":{"_acf_changed":false,"footnotes":""},"categories":[1254],"class_list":["post-257420","post","type-post","status-publish","format-standard","has-post-thumbnail","hentry","category-les-foyers-de-charite"],"acf":[],"_links":{"self":[{"href":"https:\/\/www.lesfoyersdecharite.com\/en\/wp-json\/wp\/v2\/posts\/257420","targetHints":{"allow":["GET"]}}],"collection":[{"href":"https:\/\/www.lesfoyersdecharite.com\/en\/wp-json\/wp\/v2\/posts"}],"about":[{"href":"https:\/\/www.lesfoyersdecharite.com\/en\/wp-json\/wp\/v2\/types\/post"}],"author":[{"embeddable":true,"href":"https:\/\/www.lesfoyersdecharite.com\/en\/wp-json\/wp\/v2\/users\/13"}],"replies":[{"embeddable":true,"href":"https:\/\/www.lesfoyersdecharite.com\/en\/wp-json\/wp\/v2\/comments?post=257420"}],"version-history":[{"count":3,"href":"https:\/\/www.lesfoyersdecharite.com\/en\/wp-json\/wp\/v2\/posts\/257420\/revisions"}],"predecessor-version":[{"id":257867,"href":"https:\/\/www.lesfoyersdecharite.com\/en\/wp-json\/wp\/v2\/posts\/257420\/revisions\/257867"}],"wp:featuredmedia":[{"embeddable":true,"href":"https:\/\/www.lesfoyersdecharite.com\/en\/wp-json\/wp\/v2\/media\/257439"}],"wp:attachment":[{"href":"https:\/\/www.lesfoyersdecharite.com\/en\/wp-json\/wp\/v2\/media?parent=257420"}],"wp:term":[{"taxonomy":"category","embeddable":true,"href":"https:\/\/www.lesfoyersdecharite.com\/en\/wp-json\/wp\/v2\/categories?post=257420"}],"curies":[{"name":"wp","href":"https:\/\/api.w.org\/{rel}","templated":true}]}}