{"id":134374,"date":"2017-12-13T16:09:19","date_gmt":"2017-12-13T15:09:19","guid":{"rendered":"https:\/\/www.lesfoyersdecharite.com\/\/revoir-sur-kto-les-videos-et-reportages-des-foyers-de-charite\/"},"modified":"2017-12-13T16:09:20","modified_gmt":"2017-12-13T15:09:20","slug":"revoir-sur-kto-les-videos-et-reportages-des-foyers-de-charite","status":"publish","type":"post","link":"https:\/\/www.lesfoyersdecharite.com\/es\/revoir-sur-kto-les-videos-et-reportages-des-foyers-de-charite\/","title":{"rendered":"Revoir sur KTO les vid\u00e9os et reportages  des Foyers de Charit\u00e9"},"content":{"rendered":"<h3>Retrouvez toutes les vid\u00e9os et les reportages sur les Foyers de Charit\u00e9 et Marthe Robin diffus\u00e9s sur KTO, cha\u00eene de t\u00e9l\u00e9vision catholique :<\/h3>\n<ul>\n<li>Reportages r\u00e9alis\u00e9s pour les 80 ans des Foyers de Charit\u00e9 et de la premi\u00e8re retraite spirituelle, et lors de l&#8217;assembl\u00e9e g\u00e9n\u00e9rale \u00e0 Ch\u00e2teauneuf-de-Galaure en juin 2016<\/li>\n<li>Conf\u00e9rences du colloque \u00abOser l&#8217;Esp\u00e9rance aujourd&#8217;hui\u00bb au Foyer de Charit\u00e9 de Tressaint en d\u00e9cembre 2016<\/li>\n<li>La vocation des Foyers de Charit\u00e9<\/li>\n<li>Marthe Robin<\/li>\n<\/ul>\n<p><strong><a href=\"http:\/\/www.ktotv.com\/foyers-charite\" target=\"_blank\">Page sp\u00e9ciale sur le site internet de KTO pour revoir les vid\u00e9os<\/a><\/strong><\/p>\n","protected":false},"excerpt":{"rendered":"<p>Retrouvez toutes les vid\u00e9os et les reportages sur les Foyers de Charit\u00e9 et Marthe Robin diffus\u00e9s sur KTO, cha\u00eene de t\u00e9l\u00e9vision catholique : Reportages r\u00e9alis\u00e9s pour les 80 ans des Foyers de Charit\u00e9 et de la premi\u00e8re retraite spirituelle, et lors de l&#8217;assembl\u00e9e g\u00e9n\u00e9rale \u00e0 Ch\u00e2teauneuf-de-Galaure en juin 2016 Conf\u00e9rences du colloque \u00abOser l&#8217;Esp\u00e9rance aujourd&#8217;hui\u00bb [&hellip;]<\/p>\n","protected":false},"author":1,"featured_media":0,"comment_status":"open","ping_status":"open","sticky":false,"template":"","format":"standard","meta":{"_acf_changed":false,"footnotes":""},"categories":[],"class_list":["post-134374","post","type-post","status-publish","format-standard","hentry"],"acf":[],"_links":{"self":[{"href":"https:\/\/www.lesfoyersdecharite.com\/es\/wp-json\/wp\/v2\/posts\/134374","targetHints":{"allow":["GET"]}}],"collection":[{"href":"https:\/\/www.lesfoyersdecharite.com\/es\/wp-json\/wp\/v2\/posts"}],"about":[{"href":"https:\/\/www.lesfoyersdecharite.com\/es\/wp-json\/wp\/v2\/types\/post"}],"author":[{"embeddable":true,"href":"https:\/\/www.lesfoyersdecharite.com\/es\/wp-json\/wp\/v2\/users\/1"}],"replies":[{"embeddable":true,"href":"https:\/\/www.lesfoyersdecharite.com\/es\/wp-json\/wp\/v2\/comments?post=134374"}],"version-history":[{"count":0,"href":"https:\/\/www.lesfoyersdecharite.com\/es\/wp-json\/wp\/v2\/posts\/134374\/revisions"}],"wp:attachment":[{"href":"https:\/\/www.lesfoyersdecharite.com\/es\/wp-json\/wp\/v2\/media?parent=134374"}],"wp:term":[{"taxonomy":"category","embeddable":true,"href":"https:\/\/www.lesfoyersdecharite.com\/es\/wp-json\/wp\/v2\/categories?post=134374"}],"curies":[{"name":"wp","href":"https:\/\/api.w.org\/{rel}","templated":true}]}}