{"id":134382,"date":"2017-12-13T16:12:19","date_gmt":"2017-12-13T15:12:19","guid":{"rendered":"https:\/\/www.lesfoyersdecharite.com\/\/assemblee-generale-des-foyers-de-charite\/"},"modified":"2017-12-13T16:12:21","modified_gmt":"2017-12-13T15:12:21","slug":"assemblee-generale-des-foyers-de-charite","status":"publish","type":"post","link":"https:\/\/www.lesfoyersdecharite.com\/es\/assemblee-generale-des-foyers-de-charite\/","title":{"rendered":"Assembl\u00e9e G\u00e9n\u00e9rale des Foyers de Charit\u00e9"},"content":{"rendered":"<h2>Les Foyers de Charit\u00e9 sont rassembl\u00e9s jusqu&#8217;au mardi 21 juin en \u00ab\u00a0Assembl\u00e9e g\u00e9n\u00e9rale \u00bb \u00e0 Ch\u00e2teauneuf-de-Galaure<\/h2>\n<blockquote><p><strong>250 d\u00e9l\u00e9gu\u00e9s, pr\u00eatres ou la\u00efcs, membres des 78 Foyers de Charit\u00e9 du monde, participent \u00e0 ce temps fort de l&#8217;oeuvre des Foyers pendant deux semaines.<\/strong><\/p><\/blockquote>\n<h3>Au programme de cette assembl\u00e9e :<\/h3>\n<h4>prier, partager, relire, r\u00e9fl\u00e9chir, discerner, organiser, choisir, voter, \u00e9lire&#8230;<\/h4>\n<p>Les membres de l\u2019assembl\u00e9e sont rassembl\u00e9s comme au \u00ab\u00a0C\u00e9nacle\u00a0\u00bb, dans un climat de pri\u00e8re et de r\u00e9flexion, pour faire une relecture de la vie des Foyers, \u00e9lire la \u00abgouvernance ordinaire\u00bb, int\u00e9grer une nouvelle gouvernance r\u00e9pondant au d\u00e9veloppement international, voter les changements statutaires, et <strong>\u00e9tablir les orientations pastorales et spirituelles<\/strong> de l\u2019\u0153uvre des Foyers de Charit\u00e9 dans les quatre prochaines ann\u00e9es.<\/p>\n<ul>\n<li>\n<h3>Une nouvelle gouvernance<\/h3>\n<\/li>\n<\/ul>\n<p>Il s\u2019agit d\u2019une \u00e9tape importante qui validera un nouveau mode de gouvernement de l\u2019\u0153uvre permettant de mieux r\u00e9pondre au d\u00e9veloppement international de l&#8217;oeuvre des Foyers de Charit\u00e9 :<\/p>\n<p>&#8211; Les r\u00f4les de responsable du foyer de Ch\u00e2teauneuf, le \u00ab foyer-centre \u00bb de l\u2019\u0153uvre, et de \u00ab p\u00e8re mod\u00e9rateur \u00bb, seront d\u00e9sormais distincts.<\/p>\n<p>&#8211; Renforcement du mode coll\u00e9gial et international du gouvernement des Foyers de Charit\u00e9.<\/p>\n<p>&#8211; Cr\u00e9ation d\u2019un secr\u00e9tariat g\u00e9n\u00e9ral avec les grands domaines d\u2019action et de comp\u00e9tences (pastoral, juridique et financier, communication, etc&#8230;), \u00e0 la t\u00eate desquels sont nomm\u00e9s des la\u00efcs (hommes ou femmes).<\/p>\n<ul>\n<li>\n<h3>L&#8217;\u00e9lection du \u00abP\u00e8re mod\u00e9rateur\u00bb et du Conseil international<\/h3>\n<\/li>\n<\/ul>\n<p>Les responsables et repr\u00e9sentants \u00e9lus des 78 Foyers de Charit\u00e9 dans le monde \u00e9liront \u00e0 l\u2019issue de cette assembl\u00e9e le \u00ab\u00a0p\u00e8re mod\u00e9rateur\u00a0\u00bb et le \u00ab\u00a0conseil international\u00a0\u00bb qui gouverne l\u2019\u0153uvre.<\/p>\n<h2><img loading=\"lazy\" decoding=\"async\" class=\"alignnone wp-image-3500 size-full\" src=\"https:\/\/www.lesfoyersdecharite.com\/custom\/uploads\/2016\/06\/logo-foyers-de-charite.jpg\" alt=\"Foyers de Charit\u00e9\" width=\"640\" height=\"176\" \/><\/h2>\n<h2>En 2016, les Foyers ont 80 ans !<\/h2>\n<p>L&#8217;ann\u00e9e 2016 marque les 80 ans de sa fondation, en 1936, par Marthe Robin et le p\u00e8re Georges Finet.<\/p>\n<p>&nbsp;<\/p>\n<dl>\n<dd>\u0152uvre catholique internationale cr\u00e9\u00e9e en 1936 sous l&#8217;impulsion de Marthe Robin et du P\u00e8re Finet, les Foyers de Charit\u00e9 proposent des retraites spirituelles ouvertes \u00e0 tous, croyants ou non. Aujourd&#8217;hui, les 78 Foyers de Charit\u00e9 r\u00e9partis sur les 4 continents, accueillent plus de 50 000 personnes par an.<\/dd>\n<\/dl>\n<hr \/>\n<ul>\n<li>Retrouvez sur la <strong>chaine de t\u00e9l\u00e9vision catholique KTO<\/strong> des reportages et vid\u00e9os sur l&#8217;assembl\u00e9e et les Foyers de Charit\u00e9 :<strong><a title=\"Page sp\u00e9ciale sur KTO\" href=\"http:\/\/www.ktotv.com\/foyers-charite\" target=\"_blank\"> http:\/\/www.ktotv.com\/foyers-charite<\/a><\/strong><\/li>\n<\/ul>\n","protected":false},"excerpt":{"rendered":"<p>Les Foyers de Charit\u00e9 sont rassembl\u00e9s jusqu&#8217;au mardi 21 juin en \u00ab\u00a0Assembl\u00e9e g\u00e9n\u00e9rale \u00bb \u00e0 Ch\u00e2teauneuf-de-Galaure 250 d\u00e9l\u00e9gu\u00e9s, pr\u00eatres ou la\u00efcs, membres des 78 Foyers de Charit\u00e9 du monde, participent \u00e0 ce temps fort de l&#8217;oeuvre des Foyers pendant deux semaines. Au programme de cette assembl\u00e9e : prier, partager, relire, r\u00e9fl\u00e9chir, discerner, organiser, choisir, voter, [&hellip;]<\/p>\n","protected":false},"author":1,"featured_media":0,"comment_status":"open","ping_status":"open","sticky":false,"template":"","format":"standard","meta":{"_acf_changed":false,"footnotes":""},"categories":[],"class_list":["post-134382","post","type-post","status-publish","format-standard","hentry"],"acf":[],"_links":{"self":[{"href":"https:\/\/www.lesfoyersdecharite.com\/es\/wp-json\/wp\/v2\/posts\/134382","targetHints":{"allow":["GET"]}}],"collection":[{"href":"https:\/\/www.lesfoyersdecharite.com\/es\/wp-json\/wp\/v2\/posts"}],"about":[{"href":"https:\/\/www.lesfoyersdecharite.com\/es\/wp-json\/wp\/v2\/types\/post"}],"author":[{"embeddable":true,"href":"https:\/\/www.lesfoyersdecharite.com\/es\/wp-json\/wp\/v2\/users\/1"}],"replies":[{"embeddable":true,"href":"https:\/\/www.lesfoyersdecharite.com\/es\/wp-json\/wp\/v2\/comments?post=134382"}],"version-history":[{"count":0,"href":"https:\/\/www.lesfoyersdecharite.com\/es\/wp-json\/wp\/v2\/posts\/134382\/revisions"}],"wp:attachment":[{"href":"https:\/\/www.lesfoyersdecharite.com\/es\/wp-json\/wp\/v2\/media?parent=134382"}],"wp:term":[{"taxonomy":"category","embeddable":true,"href":"https:\/\/www.lesfoyersdecharite.com\/es\/wp-json\/wp\/v2\/categories?post=134382"}],"curies":[{"name":"wp","href":"https:\/\/api.w.org\/{rel}","templated":true}]}}