{"id":265702,"date":"2026-04-27T12:01:05","date_gmt":"2026-04-27T10:01:05","guid":{"rendered":"https:\/\/www.lesfoyersdecharite.com\/?p=265702"},"modified":"2026-04-27T12:01:05","modified_gmt":"2026-04-27T10:01:05","slug":"demarche-synodale-les-foyers-de-charite-se-rassemblent-dans-7-regions-du-monde","status":"publish","type":"post","link":"https:\/\/www.lesfoyersdecharite.com\/es\/demarche-synodale-les-foyers-de-charite-se-rassemblent-dans-7-regions-du-monde\/","title":{"rendered":"D\u00e9marche synodale : les Foyers de Charit\u00e9 se rassemblent dans 7 r\u00e9gions du monde"},"content":{"rendered":"<div class=\"x_x_x_elementToProof\" data-olk-copy-source=\"MessageBody\">Depuis mars 2025, les 63 Foyers de Charit\u00e9 r\u00e9partis dans 33 pays sur 4 continents sont entr\u00e9s dans une d\u00e9marche synodale de grande ampleur pour r\u00e9fl\u00e9chir ensemble sur leur vie, leur mission et l&#8217;avenir de l&#8217;OEuvre des Foyers.<\/div>\n<div class=\"x_x_x_elementToProof\"><\/div>\n<div class=\"x_x_x_elementToProof\">Apr\u00e8s une consultation individuelle, \u00e0 laquelle 90% des 850 membres de Foyer du monde ont particip\u00e9, et une r\u00e9flexion communautaire, les Foyers de Charit\u00e9 se rassemblent dans 7 r\u00e9gions du monde du 27 avril au 3 mai 2026. Les d\u00e9l\u00e9gations de chaque communaut\u00e9 sont invit\u00e9es \u00e0 \u00e9changer sur des th\u00e8mes fondamentaux comme la vocation des membres des Foyers de Charit\u00e9, la gouvernance, la vie communautaire et la formation.<\/div>\n<div><\/div>\n<div>\n<div class=\"x_x_elementToProof\">Les fruits de ces r\u00e9flexions r\u00e9gionales seront partag\u00e9s \u00e0 l&#8217;ensemble de l&#8217;\u0152uvre. Cette \u00e9tape r\u00e9gionale sera suivie de l&#8217;Assembl\u00e9e synodale qui se tiendra en avril 2027 \u00e0 Ch\u00e2teauneuf-de-Galaure (Dr\u00f4me, France).<\/div>\n<\/div>\n","protected":false},"excerpt":{"rendered":"<p>Depuis mars 2025, les 63 Foyers de Charit\u00e9 r\u00e9partis dans 33 pays sur 4 continents sont entr\u00e9s dans une d\u00e9marche synodale de grande ampleur pour r\u00e9fl\u00e9chir ensemble sur leur vie, leur mission et l&#8217;avenir de l&#8217;OEuvre des Foyers. Apr\u00e8s une consultation individuelle, \u00e0 laquelle 90% des 850 membres de Foyer du monde ont particip\u00e9, et [&hellip;]<\/p>\n","protected":false},"author":16,"featured_media":258825,"comment_status":"closed","ping_status":"closed","sticky":false,"template":"","format":"standard","meta":{"_acf_changed":false,"footnotes":""},"categories":[1254],"class_list":["post-265702","post","type-post","status-publish","format-standard","has-post-thumbnail","hentry","category-les-foyers-de-charite"],"acf":[],"_links":{"self":[{"href":"https:\/\/www.lesfoyersdecharite.com\/es\/wp-json\/wp\/v2\/posts\/265702","targetHints":{"allow":["GET"]}}],"collection":[{"href":"https:\/\/www.lesfoyersdecharite.com\/es\/wp-json\/wp\/v2\/posts"}],"about":[{"href":"https:\/\/www.lesfoyersdecharite.com\/es\/wp-json\/wp\/v2\/types\/post"}],"author":[{"embeddable":true,"href":"https:\/\/www.lesfoyersdecharite.com\/es\/wp-json\/wp\/v2\/users\/16"}],"replies":[{"embeddable":true,"href":"https:\/\/www.lesfoyersdecharite.com\/es\/wp-json\/wp\/v2\/comments?post=265702"}],"version-history":[{"count":1,"href":"https:\/\/www.lesfoyersdecharite.com\/es\/wp-json\/wp\/v2\/posts\/265702\/revisions"}],"predecessor-version":[{"id":265703,"href":"https:\/\/www.lesfoyersdecharite.com\/es\/wp-json\/wp\/v2\/posts\/265702\/revisions\/265703"}],"wp:featuredmedia":[{"embeddable":true,"href":"https:\/\/www.lesfoyersdecharite.com\/es\/wp-json\/wp\/v2\/media\/258825"}],"wp:attachment":[{"href":"https:\/\/www.lesfoyersdecharite.com\/es\/wp-json\/wp\/v2\/media?parent=265702"}],"wp:term":[{"taxonomy":"category","embeddable":true,"href":"https:\/\/www.lesfoyersdecharite.com\/es\/wp-json\/wp\/v2\/categories?post=265702"}],"curies":[{"name":"wp","href":"https:\/\/api.w.org\/{rel}","templated":true}]}}